{"id":8496,"date":"2020-11-23T12:57:51","date_gmt":"2020-11-23T11:57:51","guid":{"rendered":"https:\/\/hallein-evangelisch.at\/wp\/?p=8496"},"modified":"2020-11-23T13:02:33","modified_gmt":"2020-11-23T12:02:33","slug":"32-jahre-haft","status":"publish","type":"post","link":"https:\/\/hallein-evangelisch.at\/wp\/?p=8496","title":{"rendered":"32 Jahre Haft"},"content":{"rendered":"<p>[23.11.2020]<\/p>\n<p>Am fr\u00fchen Morgen des 13. Juli 2017 weckten Germain Rukuki laute Schl\u00e4ge an die T\u00fcr seines Hauses in Bujumbura in Burundi. Auch seine hochschwangere Frau Emelyne Mupfasoni und ihre beiden kleinen S\u00f6hne erwachten. Dutzende Sicherheitsbeamt*innen drangen in das Haus ein und verh\u00f6rten Germain und Emelyne. Schlie\u00dflich wurde Germain verhaftet und mitgenommen.<\/p>\n<p>Seine Arbeit mit der zum Zeitpunkt der Festnahme bereits aufgel\u00f6sten Organisation Aktion der Christen f\u00fcr die Abschaffung der Folter (ACAT-Burundi) war Germain zum Verh\u00e4ngnis geworden. Am 26. April 2018 verurteilte das Gericht ihn wegen \u201eAufstands\u201c, \u201eBedrohung der Staatssicherheit\u201c, \u201eBeteiligung an einer Aufstandsbewegung\u201c und \u201eAngriff auf die Staatsgewalt\u201c zu 32 Jahren Gef\u00e4ngnis.<\/p>\n<p><strong><em>\u201eSelbst angesichts dieser Einschr\u00e4nkungen werde ich meinen Einsatz f\u00fcr die Menschenrechte nicht aufgeben. Ich werde stets im Dienste meiner N\u00e4chsten stehen.\u201c\u00a0<\/em><\/strong><\/p>\n<p>Weder Germain noch seine Rechtsberatung waren bei der Urteilsverk\u00fcndung anwesend. Germain legte Berufung gegen das Urteil ein, eine Verhandlung ist jedoch noch ausst\u00e4ndig. In der Zwischenzeit hat Germain \u00fcber drei Jahre zu Unrecht in einer engen, \u00fcberf\u00fcllten Zelle im Ngozi-Gef\u00e4ngnis verbracht. Seinen j\u00fcngsten Sohn, der wenige Wochen nach Germains Festnahme geboren wurde, hat er noch nie gesehen.<\/p>\n<p><a href=\"https:\/\/action.amnesty.at\/petition\/germain-rukuki\" target=\"_blank\" rel=\"noopener noreferrer\">Hier kommen Sie zur Petition und weiteren Informationen<\/a><\/p>\n<p><a href=\"https:\/\/www.amnesty.at\/menschenrechte-schuetzen-und-leben-retten\/\" target=\"_blank\" rel=\"noopener noreferrer\">Spenden f\u00fcr Amnesty International<\/a><\/p>\n","protected":false},"excerpt":{"rendered":"<div class=\"mh-excerpt\"><p>[23.11.2020] Am fr\u00fchen Morgen des 13. Juli 2017 weckten Germain Rukuki laute Schl\u00e4ge an die T\u00fcr seines Hauses in Bujumbura in Burundi. Auch seine hochschwangere Frau Emelyne Mupfasoni und ihre beiden kleinen S\u00f6hne erwachten. Dutzende <a class=\"mh-excerpt-more\" href=\"https:\/\/hallein-evangelisch.at\/wp\/?p=8496\" title=\"32 Jahre Haft\">[&#8230;]<\/a><\/p>\n<\/div>","protected":false},"author":8,"featured_media":8500,"comment_status":"closed","ping_status":"closed","sticky":false,"template":"","format":"standard","meta":{"footnotes":""},"categories":[86],"tags":[],"class_list":{"0":"post-8496","1":"post","2":"type-post","3":"status-publish","4":"format-standard","5":"has-post-thumbnail","7":"category-solidarisch"},"_links":{"self":[{"href":"https:\/\/hallein-evangelisch.at\/wp\/index.php?rest_route=\/wp\/v2\/posts\/8496","targetHints":{"allow":["GET"]}}],"collection":[{"href":"https:\/\/hallein-evangelisch.at\/wp\/index.php?rest_route=\/wp\/v2\/posts"}],"about":[{"href":"https:\/\/hallein-evangelisch.at\/wp\/index.php?rest_route=\/wp\/v2\/types\/post"}],"author":[{"embeddable":true,"href":"https:\/\/hallein-evangelisch.at\/wp\/index.php?rest_route=\/wp\/v2\/users\/8"}],"replies":[{"embeddable":true,"href":"https:\/\/hallein-evangelisch.at\/wp\/index.php?rest_route=%2Fwp%2Fv2%2Fcomments&post=8496"}],"version-history":[{"count":2,"href":"https:\/\/hallein-evangelisch.at\/wp\/index.php?rest_route=\/wp\/v2\/posts\/8496\/revisions"}],"predecessor-version":[{"id":8498,"href":"https:\/\/hallein-evangelisch.at\/wp\/index.php?rest_route=\/wp\/v2\/posts\/8496\/revisions\/8498"}],"wp:featuredmedia":[{"embeddable":true,"href":"https:\/\/hallein-evangelisch.at\/wp\/index.php?rest_route=\/wp\/v2\/media\/8500"}],"wp:attachment":[{"href":"https:\/\/hallein-evangelisch.at\/wp\/index.php?rest_route=%2Fwp%2Fv2%2Fmedia&parent=8496"}],"wp:term":[{"taxonomy":"category","embeddable":true,"href":"https:\/\/hallein-evangelisch.at\/wp\/index.php?rest_route=%2Fwp%2Fv2%2Fcategories&post=8496"},{"taxonomy":"post_tag","embeddable":true,"href":"https:\/\/hallein-evangelisch.at\/wp\/index.php?rest_route=%2Fwp%2Fv2%2Ftags&post=8496"}],"curies":[{"name":"wp","href":"https:\/\/api.w.org\/{rel}","templated":true}]}}