{"id":8705,"date":"2020-12-17T11:58:32","date_gmt":"2020-12-17T10:58:32","guid":{"rendered":"https:\/\/hallein-evangelisch.at\/wp\/?p=8705"},"modified":"2020-12-21T14:10:49","modified_gmt":"2020-12-21T13:10:49","slug":"fuer-rechte-der-armen","status":"publish","type":"post","link":"https:\/\/hallein-evangelisch.at\/wp\/?p=8705","title":{"rendered":"F\u00fcr die Rechte der Armen"},"content":{"rendered":"<figure id=\"attachment_8706\" aria-describedby=\"caption-attachment-8706\" style=\"width: 250px\" class=\"wp-caption alignleft\"><img loading=\"lazy\" decoding=\"async\" class=\"wp-image-8706\" src=\"https:\/\/hallein-evangelisch.at\/wp\/wp-content\/uploads\/2020\/12\/Foto_Petition_S.6_Jesuitenpater-Stan-Lourdusamy_\u00a9YouTube-300x245-1.jpg\" alt=\"\" width=\"250\" height=\"204\" \/><figcaption id=\"caption-attachment-8706\" class=\"wp-caption-text\">Jesuitenpater-Stan-Lourdusamy \u00a9YouTube<\/figcaption><\/figure>\n<p>[17.12.2020]<\/p>\n<p>Die \u00f6kumenische Hilfsorganisation <i>Christen in Not<\/i> hat Pater Stan Swamy, mit b\u00fcrgerlichem Namen Stan Lourdusamy, als Gefangenen des Monats Dezember benannt. Der indische Jesuitenpater wurde am 8. Oktober 2020 festgenommen. Die Polizei wirft ihm vor, linksradikale Terroristen unterst\u00fctzt zu haben. Er bestreitet dies, sieht es als seine Aufgabe an, sich f\u00fcr die Rechte der Armen im nord\u00f6stlichen Bundesstaat Jharkhand einzusetzen und widmet sich besonders den Indigenen und sogenannten \u201eUnber\u00fchrbaren\u201c, den Dalits. Im 4000 Jahre alten Kastensystem der Hindus stehen die Dalits auf der untersten Stufe, obwohl das Kastenwesen seit 1949 offiziell abgeschafft ist. Das zust\u00e4ndige Gericht lehnte den Antrag ab, den Pater gegen Kaution freizulassen. Der 83-J\u00e4hrige leidet an Parkinson, kann nicht selbstst\u00e4ndig essen und sich nicht waschen. Mith\u00e4ftlinge helfen ihm dabei. <i>Christen in Not<\/i> ruft dazu auf, den indischen Staatspr\u00e4sidenten Ram Nath Kovind zu bitten, sich f\u00fcr die umgehende Freilassung von Pater Stan Swamy einzusetzen. Rund 80 Prozent der etwa 1,3 Milliarden Einwohner Indiens sind Hindus, 14 Prozent Muslime und rund drei Prozent Christen.<\/p>\n<p><a href=\"https:\/\/christeninnot.com\/portfolio-items\/petition-fuer-pater-stan-swamy-indien\/?portfolioCats=272%2C268%2C266%2C267%2C269%2C271%2C270\" target=\"_blank\" rel=\"noopener noreferrer\">Zur Petition und weiteren Informationen<\/a><\/p>\n<p><a href=\"https:\/\/christeninnot.com\/spenden\/\" target=\"_blank\" rel=\"noopener noreferrer\">Hier k\u00f6nnen Sie f\u00fcr Christen in Not spenden<\/a><\/p>\n","protected":false},"excerpt":{"rendered":"<div class=\"mh-excerpt\"><p>[17.12.2020] Die \u00f6kumenische Hilfsorganisation Christen in Not hat Pater Stan Swamy, mit b\u00fcrgerlichem Namen Stan Lourdusamy, als Gefangenen des Monats Dezember benannt. Der indische Jesuitenpater wurde am 8. Oktober 2020 festgenommen. Die Polizei wirft ihm <a class=\"mh-excerpt-more\" href=\"https:\/\/hallein-evangelisch.at\/wp\/?p=8705\" title=\"F\u00fcr die Rechte der Armen\">[&#8230;]<\/a><\/p>\n<\/div>","protected":false},"author":8,"featured_media":8381,"comment_status":"closed","ping_status":"closed","sticky":false,"template":"","format":"standard","meta":{"footnotes":""},"categories":[86],"tags":[],"class_list":{"0":"post-8705","1":"post","2":"type-post","3":"status-publish","4":"format-standard","5":"has-post-thumbnail","7":"category-solidarisch"},"_links":{"self":[{"href":"https:\/\/hallein-evangelisch.at\/wp\/index.php?rest_route=\/wp\/v2\/posts\/8705","targetHints":{"allow":["GET"]}}],"collection":[{"href":"https:\/\/hallein-evangelisch.at\/wp\/index.php?rest_route=\/wp\/v2\/posts"}],"about":[{"href":"https:\/\/hallein-evangelisch.at\/wp\/index.php?rest_route=\/wp\/v2\/types\/post"}],"author":[{"embeddable":true,"href":"https:\/\/hallein-evangelisch.at\/wp\/index.php?rest_route=\/wp\/v2\/users\/8"}],"replies":[{"embeddable":true,"href":"https:\/\/hallein-evangelisch.at\/wp\/index.php?rest_route=%2Fwp%2Fv2%2Fcomments&post=8705"}],"version-history":[{"count":6,"href":"https:\/\/hallein-evangelisch.at\/wp\/index.php?rest_route=\/wp\/v2\/posts\/8705\/revisions"}],"predecessor-version":[{"id":8728,"href":"https:\/\/hallein-evangelisch.at\/wp\/index.php?rest_route=\/wp\/v2\/posts\/8705\/revisions\/8728"}],"wp:featuredmedia":[{"embeddable":true,"href":"https:\/\/hallein-evangelisch.at\/wp\/index.php?rest_route=\/wp\/v2\/media\/8381"}],"wp:attachment":[{"href":"https:\/\/hallein-evangelisch.at\/wp\/index.php?rest_route=%2Fwp%2Fv2%2Fmedia&parent=8705"}],"wp:term":[{"taxonomy":"category","embeddable":true,"href":"https:\/\/hallein-evangelisch.at\/wp\/index.php?rest_route=%2Fwp%2Fv2%2Fcategories&post=8705"},{"taxonomy":"post_tag","embeddable":true,"href":"https:\/\/hallein-evangelisch.at\/wp\/index.php?rest_route=%2Fwp%2Fv2%2Ftags&post=8705"}],"curies":[{"name":"wp","href":"https:\/\/api.w.org\/{rel}","templated":true}]}}