{"id":8975,"date":"2021-03-16T00:00:08","date_gmt":"2021-03-15T23:00:08","guid":{"rendered":"https:\/\/hallein-evangelisch.at\/wp\/?p=8975"},"modified":"2021-05-06T19:00:06","modified_gmt":"2021-05-06T17:00:06","slug":"ein-jegliches-hat-seine-zeit","status":"publish","type":"post","link":"https:\/\/hallein-evangelisch.at\/wp\/?p=8975","title":{"rendered":"Ostern 2021"},"content":{"rendered":"<p>[16.03.2021]<\/p>\n<p><em>Ein Jegliches hat seine Zeit und alles Vorhaben\u00a0unter dem Himmel hat seine Stunde: Geboren werden hat seine Zeit, sterben hat seine Zeit\u201c.<\/em> (Prediger 3)<\/p>\n<p><img loading=\"lazy\" decoding=\"async\" class=\"alignleft wp-image-8977\" src=\"https:\/\/hallein-evangelisch.at\/wp\/wp-content\/uploads\/2021\/02\/thomas_mueller_2021-390x600.png\" alt=\"\" width=\"250\" height=\"384\" srcset=\"https:\/\/hallein-evangelisch.at\/wp\/wp-content\/uploads\/2021\/02\/thomas_mueller_2021-390x600.png 390w, https:\/\/hallein-evangelisch.at\/wp\/wp-content\/uploads\/2021\/02\/thomas_mueller_2021.png 396w\" sizes=\"auto, (max-width: 250px) 100vw, 250px\" \/>Vor einigen Wochen noch haben wir in der Kirche Weihnachten gefeiert. Auf Grund der Einschr\u00e4nkungen des kirchlichen Lebens danach ist die Ungewissheit gro\u00df, wie wir dieses Jahr den Karfreitag und das Osterfest begehen werden. Das letzte Jahr mag zwar vergangen sein, aber neben dem Coronavirus scheint uns auch die Unsicherheit geblieben zu sein. Ich habe es mittlerweile nicht mehr im Kopf, wie viele Gottesdienste und Veranstaltungen seit letztem Jahr kurzfristig abgesagt, verschoben oder in der Form ver\u00e4ndert werden mussten.<\/p>\n<p>Bevor dieses Virus die Welt in Atem hielt, ist mir der Satz \u201eSicher ist nur der Tod\u201c \u00f6fters untergekommen. Meist wurde er von Menschen get\u00e4tigt, die insgeheim vermutlich hofften, mir damit meinen Glauben streitig machen zu k\u00f6nnen. Diesen Satz habe ich in letzter Zeit aber vermisst. Wahrscheinlich deshalb, weil er im Anbetracht der Situation selbst f\u00fcr die Verunsicherer zu d\u00fcster sein d\u00fcrfte. Zudem ist er auch noch falsch: Wer sterben kann, muss zuvor erst einmal geboren werden. Eine Kausalit\u00e4t l\u00e4sst sich nicht auseinanderdividieren. Das wichtigste befindet sich aber zwischen diesen beiden \u201eSicherheiten\u201c: Das Leben. Zwischen geboren werden und sterben befindet sich eine Lebensspanne, die gelebt werden will. Eine Lebensspanne, die Gott jedem einzelnen Lebewesen individuell schenkt.<\/p>\n<p>Wie soll man aber das eigene Leben in der jetzigen Situation leben? Sollte man mit ermunternden S\u00e4tzen nicht warten, bis die Beschr\u00e4nkungen vor\u00fcber sind, bis die bedr\u00fcckende Zeit ein Ende hat und wir alle wieder tun und lassen k\u00f6nnen, was uns beliebt? Wenn man ehrlich ist, dann konnten viele von uns vor der Pandemie auch nicht alles tun und lassen, wonach ihnen der Sinn stand. Mir ging es zumindest so.Wie aber soll man mit den Lockdowns umgehen? Ist es eine Zeit, die man irgendwie \u00fcberstehen muss, die man so schnell wie m\u00f6glich hinter sich bringen sollte? Nein. Denn es besteht die Gefahr, dass man immer mehrere Lebenslagen sonst \u201eirgendwie \u00fcberstehen\u201c m\u00f6chte. Die Lebensspanne k\u00f6nnte dann sehr kurz werden, wenn man sie nur rasch hinter sich bringen m\u00f6chte.<\/p>\n<p>Um nicht in dieses Fahrwasser zu geraten, widmen wir uns in dieser Ausgabe des Gemeindebriefs den Themen Leben und Lebensqualit\u00e4t. Wir fragen nach Lebensphilosophien oder alternativen Sichtweisen zum Leben. Und wir besch\u00e4ftigen uns mit unserem Glauben. Denn sicher ist der Tod keinesfalls. Der Stachel des Todes ist gezogen worden und das Licht der Auferstehung erhellt unser Leben. Die individuelle Lebensspanne muss nicht \u201eirgendwie \u00fcberstanden\u201c werden, sondern das eigene Leben will gelebt werden im Vertrauen darauf, dass es nach dem Tod weitergeht. Wir werden geboren, wir werden sterben, wir werden leben &#8211; Krippe, Kreuz und Leben.<\/p>\n<p>Ich w\u00fcnsche euch viel Lebensfreude und Gottes Segen,<br \/>\n<em>Euer Vikar Thomas M\u00fcller<\/em><\/p>\n<p><a href=\"https:\/\/hallein-evangelisch.at\/wp\/wp-content\/uploads\/2021\/05\/gemeindebrief_ostern_2021.pdf\" target=\"_blank\" rel=\"noopener\">Der Gemeindebrief zum Herunterladen<\/a><\/p>\n<a href=\"https:\/\/hallein-evangelisch.at\/wp\/wp-content\/uploads\/2021\/05\/gemeindebrief_ostern_2021.pdf\" class=\"pdfemb-viewer\" style=\"\" data-width=\"max\" data-height=\"max\" data-toolbar=\"bottom\" data-toolbar-fixed=\"on\">gemeindebrief_ostern_2021<\/a>\n","protected":false},"excerpt":{"rendered":"<div class=\"mh-excerpt\"><p>[16.03.2021] Ein Jegliches hat seine Zeit und alles Vorhaben\u00a0unter dem Himmel hat seine Stunde: Geboren werden hat seine Zeit, sterben hat seine Zeit\u201c. (Prediger 3) Vor einigen Wochen noch haben wir in der Kirche Weihnachten <a class=\"mh-excerpt-more\" href=\"https:\/\/hallein-evangelisch.at\/wp\/?p=8975\" title=\"Ostern 2021\">[&#8230;]<\/a><\/p>\n<\/div>","protected":false},"author":8,"featured_media":9104,"comment_status":"closed","ping_status":"closed","sticky":false,"template":"","format":"standard","meta":{"footnotes":""},"categories":[27],"tags":[],"class_list":{"0":"post-8975","1":"post","2":"type-post","3":"status-publish","4":"format-standard","5":"has-post-thumbnail","7":"category-gemeindebrief"},"_links":{"self":[{"href":"https:\/\/hallein-evangelisch.at\/wp\/index.php?rest_route=\/wp\/v2\/posts\/8975","targetHints":{"allow":["GET"]}}],"collection":[{"href":"https:\/\/hallein-evangelisch.at\/wp\/index.php?rest_route=\/wp\/v2\/posts"}],"about":[{"href":"https:\/\/hallein-evangelisch.at\/wp\/index.php?rest_route=\/wp\/v2\/types\/post"}],"author":[{"embeddable":true,"href":"https:\/\/hallein-evangelisch.at\/wp\/index.php?rest_route=\/wp\/v2\/users\/8"}],"replies":[{"embeddable":true,"href":"https:\/\/hallein-evangelisch.at\/wp\/index.php?rest_route=%2Fwp%2Fv2%2Fcomments&post=8975"}],"version-history":[{"count":11,"href":"https:\/\/hallein-evangelisch.at\/wp\/index.php?rest_route=\/wp\/v2\/posts\/8975\/revisions"}],"predecessor-version":[{"id":9447,"href":"https:\/\/hallein-evangelisch.at\/wp\/index.php?rest_route=\/wp\/v2\/posts\/8975\/revisions\/9447"}],"wp:featuredmedia":[{"embeddable":true,"href":"https:\/\/hallein-evangelisch.at\/wp\/index.php?rest_route=\/wp\/v2\/media\/9104"}],"wp:attachment":[{"href":"https:\/\/hallein-evangelisch.at\/wp\/index.php?rest_route=%2Fwp%2Fv2%2Fmedia&parent=8975"}],"wp:term":[{"taxonomy":"category","embeddable":true,"href":"https:\/\/hallein-evangelisch.at\/wp\/index.php?rest_route=%2Fwp%2Fv2%2Fcategories&post=8975"},{"taxonomy":"post_tag","embeddable":true,"href":"https:\/\/hallein-evangelisch.at\/wp\/index.php?rest_route=%2Fwp%2Fv2%2Ftags&post=8975"}],"curies":[{"name":"wp","href":"https:\/\/api.w.org\/{rel}","templated":true}]}}