{"id":8984,"date":"2021-03-18T00:00:36","date_gmt":"2021-03-17T23:00:36","guid":{"rendered":"https:\/\/hallein-evangelisch.at\/wp\/?p=8984"},"modified":"2021-03-18T08:34:17","modified_gmt":"2021-03-18T07:34:17","slug":"krippe-kreuz-und-leben","status":"publish","type":"post","link":"https:\/\/hallein-evangelisch.at\/wp\/?p=8984","title":{"rendered":"Krippe, Kreuz und Leben"},"content":{"rendered":"<div>\n<p>[18.03.2021]<\/p>\n<p class=\"Flietext20\"><img loading=\"lazy\" decoding=\"async\" class=\"alignleft wp-image-7320\" src=\"https:\/\/hallein-evangelisch.at\/wp\/wp-content\/uploads\/2020\/03\/peter_gabriel_2020-1-scaled-e1584696870375-539x600.jpg\" alt=\"\" width=\"250\" height=\"278\" srcset=\"https:\/\/hallein-evangelisch.at\/wp\/wp-content\/uploads\/2020\/03\/peter_gabriel_2020-1-scaled-e1584696870375-539x600.jpg 539w, https:\/\/hallein-evangelisch.at\/wp\/wp-content\/uploads\/2020\/03\/peter_gabriel_2020-1-scaled-e1584696870375-920x1024.jpg 920w, https:\/\/hallein-evangelisch.at\/wp\/wp-content\/uploads\/2020\/03\/peter_gabriel_2020-1-scaled-e1584696870375-1380x1536.jpg 1380w, https:\/\/hallein-evangelisch.at\/wp\/wp-content\/uploads\/2020\/03\/peter_gabriel_2020-1-scaled-e1584696870375.jpg 1587w\" sizes=\"auto, (max-width: 250px) 100vw, 250px\" \/>Wann beginnt Leben, menschliches Leben oder Leben \u00fcberhaupt, wann endet es und nach welchen Kriterien ist ein Leben sinnvoll &#8211; diese Fragen treiben Menschen immer schon um. Philosophie, ethische Entw\u00fcrfe und Religion versuchen Antworten zu geben. Doch letztlich bin ich auch immer selber gefragt, welche Antworten auf diese Fragen ich f\u00fcr mich und mein Leben finde.<\/p>\n<\/div>\n<p class=\"Flietext20\"><span lang=\"DE\">Von der Wiege bis zur Bahre, von der Geburt bis zum Tod &#8211; oder von der Krippe bis zum Kreuz &#8211; so wird meist das Leben \u201eeingegrenzt\u201c. Aber beginnt das Leben erst mit der Geburt oder schon, wenn der Embryo im Mutterleib voll ausgebildet ist? Oder bereits bei der Verschmelzung von Samen- und Eizelle? Oder beginnt das Leben nicht schon in der Liebe eines Paares, die sich ein Kind w\u00fcnschen?<\/span><\/p>\n<p class=\"Flietext20\"><span lang=\"DE\">Als Christ glaube ich: Schon immer vor meiner Geburt war ich bei und in Gott, war von ihm festgelegt, dass ich einmal auf dieser Erde leben werde. Und mein Leben endet auch nicht mit dem Tod, sondern geht danach weiter bei Gott, in seiner Ewigkeit.<\/span><\/p>\n<p><span lang=\"DE\">Diese \u201ePerspektive der Ewigkeit\u201c will nicht die Bedeutung des Lebens hier auf der Erde herunterspielen. Es ist mir wichtig, hier ein erf\u00fclltes, gegl\u00fccktes Leben zu f\u00fchren, aber der Blick nach vorn und zur\u00fcck schenkt mir Gelassenheit und Geduld.<\/span><\/p>\n<p>Unser Glaubensbekenntnis und unsere kirchlichen Feste betonen bei Jesus auch vor allem die Geburt (Weihnachten) und Tod und Auferstehung (Karfreitag und Ostern). Aber mir ist auch ganz wichtig, wie Jesus gelebt, auf Menschen zugegangen ist und sie in die Gemeinschaft der Liebe mit Gott eingeladen hat.<\/p>\n<p>Einige modernere Glaubensbekenntnisse versuchen das zu beschreiben. In den Gedanken von Hartmut Schwaiger findet ihr noch mehr dazu&#8230; Und vielleicht finden wir einen Feiertag, wo wir an Reden und Taten im Leben Jesu gedenken, ein \u201eLeben-Jesu-Fest\u201c&#8230;<\/p>\n<div>\n<div><\/div>\n<div><em>Euer Peter Gabriel, Pfarrer<\/em><\/div>\n<\/div>\n","protected":false},"excerpt":{"rendered":"<div class=\"mh-excerpt\"><p>[18.03.2021] Wann beginnt Leben, menschliches Leben oder Leben \u00fcberhaupt, wann endet es und nach welchen Kriterien ist ein Leben sinnvoll &#8211; diese Fragen treiben Menschen immer schon um. Philosophie, ethische Entw\u00fcrfe und Religion versuchen Antworten <a class=\"mh-excerpt-more\" href=\"https:\/\/hallein-evangelisch.at\/wp\/?p=8984\" title=\"Krippe, Kreuz und Leben\">[&#8230;]<\/a><\/p>\n<\/div>","protected":false},"author":8,"featured_media":7320,"comment_status":"closed","ping_status":"closed","sticky":false,"template":"","format":"standard","meta":{"footnotes":""},"categories":[4],"tags":[],"class_list":{"0":"post-8984","1":"post","2":"type-post","3":"status-publish","4":"format-standard","5":"has-post-thumbnail","7":"category-gedanken"},"_links":{"self":[{"href":"https:\/\/hallein-evangelisch.at\/wp\/index.php?rest_route=\/wp\/v2\/posts\/8984","targetHints":{"allow":["GET"]}}],"collection":[{"href":"https:\/\/hallein-evangelisch.at\/wp\/index.php?rest_route=\/wp\/v2\/posts"}],"about":[{"href":"https:\/\/hallein-evangelisch.at\/wp\/index.php?rest_route=\/wp\/v2\/types\/post"}],"author":[{"embeddable":true,"href":"https:\/\/hallein-evangelisch.at\/wp\/index.php?rest_route=\/wp\/v2\/users\/8"}],"replies":[{"embeddable":true,"href":"https:\/\/hallein-evangelisch.at\/wp\/index.php?rest_route=%2Fwp%2Fv2%2Fcomments&post=8984"}],"version-history":[{"count":4,"href":"https:\/\/hallein-evangelisch.at\/wp\/index.php?rest_route=\/wp\/v2\/posts\/8984\/revisions"}],"predecessor-version":[{"id":9106,"href":"https:\/\/hallein-evangelisch.at\/wp\/index.php?rest_route=\/wp\/v2\/posts\/8984\/revisions\/9106"}],"wp:featuredmedia":[{"embeddable":true,"href":"https:\/\/hallein-evangelisch.at\/wp\/index.php?rest_route=\/wp\/v2\/media\/7320"}],"wp:attachment":[{"href":"https:\/\/hallein-evangelisch.at\/wp\/index.php?rest_route=%2Fwp%2Fv2%2Fmedia&parent=8984"}],"wp:term":[{"taxonomy":"category","embeddable":true,"href":"https:\/\/hallein-evangelisch.at\/wp\/index.php?rest_route=%2Fwp%2Fv2%2Fcategories&post=8984"},{"taxonomy":"post_tag","embeddable":true,"href":"https:\/\/hallein-evangelisch.at\/wp\/index.php?rest_route=%2Fwp%2Fv2%2Ftags&post=8984"}],"curies":[{"name":"wp","href":"https:\/\/api.w.org\/{rel}","templated":true}]}}