{"id":9032,"date":"2021-03-01T00:00:49","date_gmt":"2021-02-28T23:00:49","guid":{"rendered":"https:\/\/hallein-evangelisch.at\/wp\/?p=9032"},"modified":"2021-03-01T12:05:42","modified_gmt":"2021-03-01T11:05:42","slug":"diakonie-betreuung-und-pflege","status":"publish","type":"post","link":"https:\/\/hallein-evangelisch.at\/wp\/?p=9032","title":{"rendered":"Diakonie: Betreuung und Pflege"},"content":{"rendered":"<div>\n<p>[01.03.2021]<\/p>\n<p>Die Diakonie hat in der Stadt Hallein einen eigenen St\u00fctzpunkt. Hier stellen wir den Besuchern der Homepage vor, welche Dienste und Leistungen von diesem St\u00fctzpunkt aus organisiert werden. Bei Bedarf bitte bei der nachstehenden Adresse Kontakt aufnehmen.<\/p>\n<h3 class=\"berschrift83\"><span class=\"berschrift83Exact\"><span lang=\"DE\">Betreuung und Pflege<\/span><\/span><\/h3>\n<\/div>\n<div>\n<p class=\"Flietext13\"><span lang=\"DE\">Standort und Kontaktdaten:<br \/>\nKhuenburggasse 2, 5400 Hallein<br \/>\nTel. 0650 82 677 00<br \/>\n<a href=\"mailto: diakoniemobil.hallein@diakoniewerk.at\">diakoniemobil.hallein@diakoniewerk.at<\/a><\/span><\/p>\n<div>\n<h3 class=\"berschrift83\"><span class=\"berschrift83Exact\"><span lang=\"DE\">Hauskrankenpflege<\/span><\/span><\/h3>\n<\/div>\n<div>\n<ul>\n<li class=\"Flietext14\"><span lang=\"DE\">Verbandswechsel und Wundversorgung Blutdruck- und Blutzuckerkontrolle<\/span><\/li>\n<li class=\"Flietext14\"><span lang=\"DE\">Medikamentengabe &amp; Vorbereitung<\/span><\/li>\n<li class=\"Flietext14\"><span lang=\"DE\">Allgemeine Pflegema\u00dfnahmen sowie Pflege bei Kathetern, Stoma, Kan\u00fclen <\/span><\/li>\n<li class=\"Flietext14\"><span lang=\"DE\">Mobilisierung und Lagerung<\/span><\/li>\n<\/ul>\n<\/div>\n<div>\n<h3 class=\"berschrift83\"><span class=\"berschrift83Exact\"><span lang=\"DE\">Haushaltshilfe<\/span><\/span><\/h3>\n<\/div>\n<div>\n<ul>\n<li class=\"Flietext14\"><span lang=\"DE\">Haushalt reinigen (Wohnung, Fenster) W\u00e4schewaschen, aufh\u00e4ngen, b\u00fcgeln<\/span><\/li>\n<li class=\"Flietext14\"><span lang=\"DE\">Hilfe bei der K\u00f6rperpflege, beim An- und Auskleiden oder Essenszubereitung <\/span><\/li>\n<li class=\"Flietext14\"><span lang=\"DE\">Begleitung zu \u00c4rztinnen, Beh\u00f6rden<\/span><\/li>\n<li class=\"Flietext14\"><span lang=\"DE\">Einkauf bzw. Einkaufsbegleitung<\/span><\/li>\n<li class=\"Flietext14\"><span lang=\"DE\">Aktivierung und Gespr\u00e4che<\/span><\/li>\n<\/ul>\n<\/div>\n<\/div>\n","protected":false},"excerpt":{"rendered":"<div class=\"mh-excerpt\"><p>[01.03.2021] Die Diakonie hat in der Stadt Hallein einen eigenen St\u00fctzpunkt. Hier stellen wir den Besuchern der Homepage vor, welche Dienste und Leistungen von diesem St\u00fctzpunkt aus organisiert werden. Bei Bedarf bitte bei der nachstehenden <a class=\"mh-excerpt-more\" href=\"https:\/\/hallein-evangelisch.at\/wp\/?p=9032\" title=\"Diakonie: Betreuung und Pflege\">[&#8230;]<\/a><\/p>\n<\/div>","protected":false},"author":8,"featured_media":9033,"comment_status":"closed","ping_status":"closed","sticky":false,"template":"","format":"standard","meta":{"footnotes":""},"categories":[1],"tags":[],"class_list":{"0":"post-9032","1":"post","2":"type-post","3":"status-publish","4":"format-standard","5":"has-post-thumbnail","7":"category-allgemein"},"_links":{"self":[{"href":"https:\/\/hallein-evangelisch.at\/wp\/index.php?rest_route=\/wp\/v2\/posts\/9032","targetHints":{"allow":["GET"]}}],"collection":[{"href":"https:\/\/hallein-evangelisch.at\/wp\/index.php?rest_route=\/wp\/v2\/posts"}],"about":[{"href":"https:\/\/hallein-evangelisch.at\/wp\/index.php?rest_route=\/wp\/v2\/types\/post"}],"author":[{"embeddable":true,"href":"https:\/\/hallein-evangelisch.at\/wp\/index.php?rest_route=\/wp\/v2\/users\/8"}],"replies":[{"embeddable":true,"href":"https:\/\/hallein-evangelisch.at\/wp\/index.php?rest_route=%2Fwp%2Fv2%2Fcomments&post=9032"}],"version-history":[{"count":4,"href":"https:\/\/hallein-evangelisch.at\/wp\/index.php?rest_route=\/wp\/v2\/posts\/9032\/revisions"}],"predecessor-version":[{"id":9042,"href":"https:\/\/hallein-evangelisch.at\/wp\/index.php?rest_route=\/wp\/v2\/posts\/9032\/revisions\/9042"}],"wp:featuredmedia":[{"embeddable":true,"href":"https:\/\/hallein-evangelisch.at\/wp\/index.php?rest_route=\/wp\/v2\/media\/9033"}],"wp:attachment":[{"href":"https:\/\/hallein-evangelisch.at\/wp\/index.php?rest_route=%2Fwp%2Fv2%2Fmedia&parent=9032"}],"wp:term":[{"taxonomy":"category","embeddable":true,"href":"https:\/\/hallein-evangelisch.at\/wp\/index.php?rest_route=%2Fwp%2Fv2%2Fcategories&post=9032"},{"taxonomy":"post_tag","embeddable":true,"href":"https:\/\/hallein-evangelisch.at\/wp\/index.php?rest_route=%2Fwp%2Fv2%2Ftags&post=9032"}],"curies":[{"name":"wp","href":"https:\/\/api.w.org\/{rel}","templated":true}]}}