{"id":9059,"date":"2021-03-07T00:00:49","date_gmt":"2021-03-06T23:00:49","guid":{"rendered":"https:\/\/hallein-evangelisch.at\/wp\/?p=9059"},"modified":"2021-03-05T10:41:05","modified_gmt":"2021-03-05T09:41:05","slug":"fuer-die-rechte-der-armen","status":"publish","type":"post","link":"https:\/\/hallein-evangelisch.at\/wp\/?p=9059","title":{"rendered":"F\u00fcr die Rechte der Armen"},"content":{"rendered":"<p>[07.03.2021]<\/p>\n<p><img loading=\"lazy\" decoding=\"async\" class=\"alignleft wp-image-9060\" src=\"https:\/\/hallein-evangelisch.at\/wp\/wp-content\/uploads\/2021\/03\/indien-300x300-1.png\" alt=\"\" width=\"250\" height=\"250\" srcset=\"https:\/\/hallein-evangelisch.at\/wp\/wp-content\/uploads\/2021\/03\/indien-300x300-1.png 300w, https:\/\/hallein-evangelisch.at\/wp\/wp-content\/uploads\/2021\/03\/indien-300x300-1-150x150.png 150w\" sizes=\"auto, (max-width: 250px) 100vw, 250px\" \/>Die \u00f6kumenische Hilfsorganisation Christen in Not hat zwei Christinnen als Gefangene des Monats benannt. Beide sind im indischen Bundesstaat Uttar Pradesh inhaftiert. Die 25-j\u00e4hrige Inderin Seema und die 50-j\u00e4hrige Koreanerin Mi Kyung Lee waren am 19. Dezember 2020 in Greater Noida nahe der Hauptstadt Neu-Delhi als Corona-Helfer unterwegs. Eine private christliche Initiative hatte zuvor die Erlaubnis eingeholt, Lebensmittel und andere G\u00fcter des t\u00e4glichen Bedarfs unter Bed\u00fcrftigen zu verteilen. Aufgrund der Pandemie hatten zahlreiche Menschen ihre Eink\u00fcnfte eingeb\u00fc\u00dft und sind nun auf Unterst\u00fctzung angewiesen. Eine Frau zeigte u.a. die beiden Christinnen wegen angeblicher Missionsversuche an. Seit Ende November 2020 gilt in diesem Bundesstaat \u2013 neben sieben weiteren \u2013 ein neues Anti-Konversionsgesetz. Beobachter kritisieren, dass Nationalisten damit verhindern wollen, dass sich Hindus etwa dem Christentum oder dem Islam zuwenden. Etwa 80 Prozent der rund 1,3 Milliarden Einwohner Indiens sind Hindus,\u00a014 Prozent Muslime und mindestens drei Prozent Christen.<\/p>\n<p><a href=\"https:\/\/christeninnot.com\/portfolio-items\/seema-und-mi-kyung-lee-indien\/?portfolioCats=272%2C268%2C266%2C267%2C269%2C271%2C270%2C280\" target=\"_blank\" rel=\"noopener noreferrer\">Zur Petition und weiteren Informationen<\/a><\/p>\n<p><a href=\"https:\/\/christeninnot.com\/spenden\/\" target=\"_blank\" rel=\"noopener noreferrer\">Hier k\u00f6nnen Sie f\u00fcr Christen in Not spenden<\/a><\/p>\n","protected":false},"excerpt":{"rendered":"<div class=\"mh-excerpt\"><p>[07.03.2021] Die \u00f6kumenische Hilfsorganisation Christen in Not hat zwei Christinnen als Gefangene des Monats benannt. Beide sind im indischen Bundesstaat Uttar Pradesh inhaftiert. Die 25-j\u00e4hrige Inderin Seema und die 50-j\u00e4hrige Koreanerin Mi Kyung Lee waren <a class=\"mh-excerpt-more\" href=\"https:\/\/hallein-evangelisch.at\/wp\/?p=9059\" title=\"F\u00fcr die Rechte der Armen\">[&#8230;]<\/a><\/p>\n<\/div>","protected":false},"author":8,"featured_media":8381,"comment_status":"closed","ping_status":"closed","sticky":false,"template":"","format":"standard","meta":{"footnotes":""},"categories":[86],"tags":[],"class_list":{"0":"post-9059","1":"post","2":"type-post","3":"status-publish","4":"format-standard","5":"has-post-thumbnail","7":"category-solidarisch"},"_links":{"self":[{"href":"https:\/\/hallein-evangelisch.at\/wp\/index.php?rest_route=\/wp\/v2\/posts\/9059","targetHints":{"allow":["GET"]}}],"collection":[{"href":"https:\/\/hallein-evangelisch.at\/wp\/index.php?rest_route=\/wp\/v2\/posts"}],"about":[{"href":"https:\/\/hallein-evangelisch.at\/wp\/index.php?rest_route=\/wp\/v2\/types\/post"}],"author":[{"embeddable":true,"href":"https:\/\/hallein-evangelisch.at\/wp\/index.php?rest_route=\/wp\/v2\/users\/8"}],"replies":[{"embeddable":true,"href":"https:\/\/hallein-evangelisch.at\/wp\/index.php?rest_route=%2Fwp%2Fv2%2Fcomments&post=9059"}],"version-history":[{"count":2,"href":"https:\/\/hallein-evangelisch.at\/wp\/index.php?rest_route=\/wp\/v2\/posts\/9059\/revisions"}],"predecessor-version":[{"id":9062,"href":"https:\/\/hallein-evangelisch.at\/wp\/index.php?rest_route=\/wp\/v2\/posts\/9059\/revisions\/9062"}],"wp:featuredmedia":[{"embeddable":true,"href":"https:\/\/hallein-evangelisch.at\/wp\/index.php?rest_route=\/wp\/v2\/media\/8381"}],"wp:attachment":[{"href":"https:\/\/hallein-evangelisch.at\/wp\/index.php?rest_route=%2Fwp%2Fv2%2Fmedia&parent=9059"}],"wp:term":[{"taxonomy":"category","embeddable":true,"href":"https:\/\/hallein-evangelisch.at\/wp\/index.php?rest_route=%2Fwp%2Fv2%2Fcategories&post=9059"},{"taxonomy":"post_tag","embeddable":true,"href":"https:\/\/hallein-evangelisch.at\/wp\/index.php?rest_route=%2Fwp%2Fv2%2Ftags&post=9059"}],"curies":[{"name":"wp","href":"https:\/\/api.w.org\/{rel}","templated":true}]}}