{"id":9078,"date":"2021-05-20T00:00:38","date_gmt":"2021-05-19T22:00:38","guid":{"rendered":"https:\/\/hallein-evangelisch.at\/wp\/?p=9078"},"modified":"2022-11-07T12:25:42","modified_gmt":"2022-11-07T11:25:42","slug":"naechste-konfirmations-zeit","status":"publish","type":"post","link":"https:\/\/hallein-evangelisch.at\/wp\/?p=9078","title":{"rendered":"N\u00e4chste Konfirmations-Zeit"},"content":{"rendered":"<p>[20.05.2021]<\/p>\n<p>Herzliche Einladung zur n\u00e4chsten Konfirmations-Zeit!<\/p>\n<p>Ende Mai werden alle evangelischen Jugendlichen, die zwischen August 2007 und August 2008 geboren worden sind und im kommenden Schuljahr die 4. Klasse der Mittelschule oder des Gymnasiums besuchen, eine Einladung zur Konfirmations-Zeit f\u00fcr die Konfirmation am Pfingstsonntag, 5. Juni 2022, zugeschickt bekommen. Falls Ihr Kind keinen Brief bekommen hat und gerne an der Konfirmations-Zeit teilnehmen m\u00f6chte, setzen Sie sich bitte mit dem Pfarramt in Verbindung.<\/p>\n<p>Auch wer bisher nicht getauft worden ist, kann an der Konfirmations- Zeit teilnehmen und wird dann w\u00e4hrend der Konfirmations-Zeit getauft. Alle neuen Konfirmandinnen und Konfirmanden treffen sich gemeinsam mit ihren Eltern zum Anmeldetermin und zur Einstiegseinheit am Freitag, 18. Juni, 15.00 &#8211; 18.00 Uhr im Pfarrhaus! Es w\u00e4re super, wenn zumindest ein Elternteil von 17.-18.00 Uhr f\u00fcr die Anmeldung und den Infoblock dabei sein k\u00f6nnte.<\/p>\n<p>Die Konfirmations-Zeit findet in der Regel alle 14 Tage am Freitagnachmittag von 15.00 &#8211; 17.30 Uhr im Pfarrhaus statt, zum ersten Mal dann nach den Sommerferien am 17. September 2021.<\/p>\n","protected":false},"excerpt":{"rendered":"<div class=\"mh-excerpt\"><p>[20.05.2021] Herzliche Einladung zur n\u00e4chsten Konfirmations-Zeit! Ende Mai werden alle evangelischen Jugendlichen, die zwischen August 2007 und August 2008 geboren worden sind und im kommenden Schuljahr die 4. Klasse der Mittelschule oder des Gymnasiums besuchen, <a class=\"mh-excerpt-more\" href=\"https:\/\/hallein-evangelisch.at\/wp\/?p=9078\" title=\"N\u00e4chste Konfirmations-Zeit\">[&#8230;]<\/a><\/p>\n<\/div>","protected":false},"author":8,"featured_media":9080,"comment_status":"closed","ping_status":"closed","sticky":false,"template":"","format":"standard","meta":{"footnotes":""},"categories":[5,97],"tags":[],"class_list":{"0":"post-9078","1":"post","2":"type-post","3":"status-publish","4":"format-standard","5":"has-post-thumbnail","7":"category-kinder_jugend","8":"category-konfirmationszeit"},"_links":{"self":[{"href":"https:\/\/hallein-evangelisch.at\/wp\/index.php?rest_route=\/wp\/v2\/posts\/9078","targetHints":{"allow":["GET"]}}],"collection":[{"href":"https:\/\/hallein-evangelisch.at\/wp\/index.php?rest_route=\/wp\/v2\/posts"}],"about":[{"href":"https:\/\/hallein-evangelisch.at\/wp\/index.php?rest_route=\/wp\/v2\/types\/post"}],"author":[{"embeddable":true,"href":"https:\/\/hallein-evangelisch.at\/wp\/index.php?rest_route=\/wp\/v2\/users\/8"}],"replies":[{"embeddable":true,"href":"https:\/\/hallein-evangelisch.at\/wp\/index.php?rest_route=%2Fwp%2Fv2%2Fcomments&post=9078"}],"version-history":[{"count":1,"href":"https:\/\/hallein-evangelisch.at\/wp\/index.php?rest_route=\/wp\/v2\/posts\/9078\/revisions"}],"predecessor-version":[{"id":9079,"href":"https:\/\/hallein-evangelisch.at\/wp\/index.php?rest_route=\/wp\/v2\/posts\/9078\/revisions\/9079"}],"wp:featuredmedia":[{"embeddable":true,"href":"https:\/\/hallein-evangelisch.at\/wp\/index.php?rest_route=\/wp\/v2\/media\/9080"}],"wp:attachment":[{"href":"https:\/\/hallein-evangelisch.at\/wp\/index.php?rest_route=%2Fwp%2Fv2%2Fmedia&parent=9078"}],"wp:term":[{"taxonomy":"category","embeddable":true,"href":"https:\/\/hallein-evangelisch.at\/wp\/index.php?rest_route=%2Fwp%2Fv2%2Fcategories&post=9078"},{"taxonomy":"post_tag","embeddable":true,"href":"https:\/\/hallein-evangelisch.at\/wp\/index.php?rest_route=%2Fwp%2Fv2%2Ftags&post=9078"}],"curies":[{"name":"wp","href":"https:\/\/api.w.org\/{rel}","templated":true}]}}