{"id":9472,"date":"2021-05-18T09:55:03","date_gmt":"2021-05-18T07:55:03","guid":{"rendered":"https:\/\/hallein-evangelisch.at\/wp\/?p=9472"},"modified":"2021-05-18T09:55:03","modified_gmt":"2021-05-18T07:55:03","slug":"endlich-wieder-moeglich","status":"publish","type":"post","link":"https:\/\/hallein-evangelisch.at\/wp\/?p=9472","title":{"rendered":"Endlich wieder m\u00f6glich"},"content":{"rendered":"<p>[18.05.2021]<\/p>\n<p>Nach einer langen Zwangspause sind nunmehr wieder\u00a0Evangelische Gottesdienste\u00a0mit Abendmahl\u00a0in der Seniorenresidenz\u00a0Kahlsperg m\u00f6glich!<\/p>\n<p>Eine herzliche Einladung ergeht daher f\u00fcr den ersten Gottesdienst nach der Corona-Pause f\u00fcr den Samstag, den 29. Mai um 16.00 Uhr.<\/p>\n<p>Da der Gottesdienst in einem\u00a0Seniorenheim stattfindet, werden alle Besucher*innen an der Pforte registriert und m\u00fcssen geimpft, genesen oder getestet sein (3-G-Regel) \u2013 bitte Nachweis mitbringen!\u00a0Nat\u00fcrlich ist auch eine FFP2-Maske zu tragen!<\/p>\n<p>Die n\u00e4chsten Gottesdienste sind f\u00fcr\u00a026. Juni und\u00a025. September 2021 fest eingepant.<\/p>\n","protected":false},"excerpt":{"rendered":"<div class=\"mh-excerpt\"><p>[18.05.2021] Nach einer langen Zwangspause sind nunmehr wieder\u00a0Evangelische Gottesdienste\u00a0mit Abendmahl\u00a0in der Seniorenresidenz\u00a0Kahlsperg m\u00f6glich! Eine herzliche Einladung ergeht daher f\u00fcr den ersten Gottesdienst nach der Corona-Pause f\u00fcr den Samstag, den 29. Mai um 16.00 Uhr. Da <a class=\"mh-excerpt-more\" href=\"https:\/\/hallein-evangelisch.at\/wp\/?p=9472\" title=\"Endlich wieder m\u00f6glich\">[&#8230;]<\/a><\/p>\n<\/div>","protected":false},"author":8,"featured_media":9474,"comment_status":"closed","ping_status":"closed","sticky":false,"template":"","format":"standard","meta":{"footnotes":""},"categories":[1],"tags":[],"class_list":{"0":"post-9472","1":"post","2":"type-post","3":"status-publish","4":"format-standard","5":"has-post-thumbnail","7":"category-allgemein"},"_links":{"self":[{"href":"https:\/\/hallein-evangelisch.at\/wp\/index.php?rest_route=\/wp\/v2\/posts\/9472","targetHints":{"allow":["GET"]}}],"collection":[{"href":"https:\/\/hallein-evangelisch.at\/wp\/index.php?rest_route=\/wp\/v2\/posts"}],"about":[{"href":"https:\/\/hallein-evangelisch.at\/wp\/index.php?rest_route=\/wp\/v2\/types\/post"}],"author":[{"embeddable":true,"href":"https:\/\/hallein-evangelisch.at\/wp\/index.php?rest_route=\/wp\/v2\/users\/8"}],"replies":[{"embeddable":true,"href":"https:\/\/hallein-evangelisch.at\/wp\/index.php?rest_route=%2Fwp%2Fv2%2Fcomments&post=9472"}],"version-history":[{"count":1,"href":"https:\/\/hallein-evangelisch.at\/wp\/index.php?rest_route=\/wp\/v2\/posts\/9472\/revisions"}],"predecessor-version":[{"id":9473,"href":"https:\/\/hallein-evangelisch.at\/wp\/index.php?rest_route=\/wp\/v2\/posts\/9472\/revisions\/9473"}],"wp:featuredmedia":[{"embeddable":true,"href":"https:\/\/hallein-evangelisch.at\/wp\/index.php?rest_route=\/wp\/v2\/media\/9474"}],"wp:attachment":[{"href":"https:\/\/hallein-evangelisch.at\/wp\/index.php?rest_route=%2Fwp%2Fv2%2Fmedia&parent=9472"}],"wp:term":[{"taxonomy":"category","embeddable":true,"href":"https:\/\/hallein-evangelisch.at\/wp\/index.php?rest_route=%2Fwp%2Fv2%2Fcategories&post=9472"},{"taxonomy":"post_tag","embeddable":true,"href":"https:\/\/hallein-evangelisch.at\/wp\/index.php?rest_route=%2Fwp%2Fv2%2Ftags&post=9472"}],"curies":[{"name":"wp","href":"https:\/\/api.w.org\/{rel}","templated":true}]}}