{"id":9490,"date":"2021-05-22T10:12:22","date_gmt":"2021-05-22T08:12:22","guid":{"rendered":"https:\/\/hallein-evangelisch.at\/wp\/?p=9490"},"modified":"2021-05-22T10:13:19","modified_gmt":"2021-05-22T08:13:19","slug":"stadtfuehrung-hallein","status":"publish","type":"post","link":"https:\/\/hallein-evangelisch.at\/wp\/?p=9490","title":{"rendered":"Stadtf\u00fchrung Hallein"},"content":{"rendered":"<p>[22.05.2021]<\/p>\n<h3>Stadtgeschichte Halleins von\u00a0der Keltenzeit bis in die\u00a0Gegenwart<br \/>\nStadtf\u00fchrung am\u00a0Samstag, 5. Juni 2021 um 14.00 Uhr<\/h3>\n<p><img loading=\"lazy\" decoding=\"async\" class=\"wp-image-9492 size-mh-magazine-content aligncenter\" src=\"https:\/\/hallein-evangelisch.at\/wp\/wp-content\/uploads\/2021\/05\/IMG_5675-678x381.jpg\" alt=\"\" width=\"678\" height=\"381\" \/>In der Altstadt erinnert noch mancher Platz und manches Bauwerk an die Zeiten, da Hallein die bedeutendste ostalpine Saline darstellte und die Grundlage f\u00fcr den Reichtum der Salzburger F\u00fcrsterzbisch\u00f6fe schuf. In der Gegenwart entwickelte sich Hallein unter neuen Bedingungen zum lebenswerten Zentralort des Tennengaus.<\/p>\n<ul>\n<li>F\u00fchrung: Mag. Wolfgang Wintersteller, gepr\u00fcfter Stadtf\u00fchrer<\/li>\n<li>Anmeldung beim Evangelischen Bildungswerk Salzburg bis 31.05.2021\u00a0unter 0699\/18877870 oder an info@ebw-salzburg.at erforderlich<\/li>\n<li>Teilnahmevoraussetzung: \u201e3G-Regel\u201c &#8211; Geimpft, getestet oder\u00a0genesen (Nachweis mitbringen) sowie das Tragen einer FFP2-Maske<\/li>\n<li>Absage nach Anmeldeschluss Stornogeb\u00fchr \u20ac 10,00<\/li>\n<li>Treffpunkt: Vorplatz Keltenmuseum Hallein 5400 Hallein, Pflegerplatz 5<\/li>\n<li>Beginn: 14:00 Uhr<\/li>\n<li>Unkostenbeitrag: \u20ac 10,00 p.P.<\/li>\n<\/ul>\n","protected":false},"excerpt":{"rendered":"<div class=\"mh-excerpt\"><p>[22.05.2021] Stadtgeschichte Halleins von\u00a0der Keltenzeit bis in die\u00a0Gegenwart Stadtf\u00fchrung am\u00a0Samstag, 5. Juni 2021 um 14.00 Uhr In der Altstadt erinnert noch mancher Platz und manches Bauwerk an die Zeiten, da Hallein die bedeutendste ostalpine Saline <a class=\"mh-excerpt-more\" href=\"https:\/\/hallein-evangelisch.at\/wp\/?p=9490\" title=\"Stadtf\u00fchrung Hallein\">[&#8230;]<\/a><\/p>\n<\/div>","protected":false},"author":8,"featured_media":9492,"comment_status":"closed","ping_status":"closed","sticky":false,"template":"","format":"standard","meta":{"footnotes":""},"categories":[1],"tags":[],"class_list":{"0":"post-9490","1":"post","2":"type-post","3":"status-publish","4":"format-standard","5":"has-post-thumbnail","7":"category-allgemein"},"_links":{"self":[{"href":"https:\/\/hallein-evangelisch.at\/wp\/index.php?rest_route=\/wp\/v2\/posts\/9490","targetHints":{"allow":["GET"]}}],"collection":[{"href":"https:\/\/hallein-evangelisch.at\/wp\/index.php?rest_route=\/wp\/v2\/posts"}],"about":[{"href":"https:\/\/hallein-evangelisch.at\/wp\/index.php?rest_route=\/wp\/v2\/types\/post"}],"author":[{"embeddable":true,"href":"https:\/\/hallein-evangelisch.at\/wp\/index.php?rest_route=\/wp\/v2\/users\/8"}],"replies":[{"embeddable":true,"href":"https:\/\/hallein-evangelisch.at\/wp\/index.php?rest_route=%2Fwp%2Fv2%2Fcomments&post=9490"}],"version-history":[{"count":4,"href":"https:\/\/hallein-evangelisch.at\/wp\/index.php?rest_route=\/wp\/v2\/posts\/9490\/revisions"}],"predecessor-version":[{"id":9495,"href":"https:\/\/hallein-evangelisch.at\/wp\/index.php?rest_route=\/wp\/v2\/posts\/9490\/revisions\/9495"}],"wp:featuredmedia":[{"embeddable":true,"href":"https:\/\/hallein-evangelisch.at\/wp\/index.php?rest_route=\/wp\/v2\/media\/9492"}],"wp:attachment":[{"href":"https:\/\/hallein-evangelisch.at\/wp\/index.php?rest_route=%2Fwp%2Fv2%2Fmedia&parent=9490"}],"wp:term":[{"taxonomy":"category","embeddable":true,"href":"https:\/\/hallein-evangelisch.at\/wp\/index.php?rest_route=%2Fwp%2Fv2%2Fcategories&post=9490"},{"taxonomy":"post_tag","embeddable":true,"href":"https:\/\/hallein-evangelisch.at\/wp\/index.php?rest_route=%2Fwp%2Fv2%2Ftags&post=9490"}],"curies":[{"name":"wp","href":"https:\/\/api.w.org\/{rel}","templated":true}]}}