{"id":9518,"date":"2021-05-31T10:16:39","date_gmt":"2021-05-31T08:16:39","guid":{"rendered":"https:\/\/hallein-evangelisch.at\/wp\/?p=9518"},"modified":"2021-05-31T10:16:39","modified_gmt":"2021-05-31T08:16:39","slug":"alt-jung-im-pfarrgarten","status":"publish","type":"post","link":"https:\/\/hallein-evangelisch.at\/wp\/?p=9518","title":{"rendered":"Alt &#038; Jung im Pfarrgarten"},"content":{"rendered":"<p>[31.05.2021]<\/p>\n<p>Nach langer Zeit konnte endlich bei trockenem Wetter am 30. Mai 2021 ein &#8222;Jung &amp; Alt Gottesdienst&#8220; im Pfarrgarten gefeiert werden. Durch die Weite des Pfarrgartens und die g\u00fcnstigeren Covid-Bestimmungen im Freien mussten keine Gottesdienstteilnehmer abgewiesen werden. Nachstehend einige Eindr\u00fccke von diesem sch\u00f6nen Fest.<\/p>\n<figure id=\"attachment_9522\" aria-describedby=\"caption-attachment-9522\" style=\"width: 600px\" class=\"wp-caption aligncenter\"><img loading=\"lazy\" decoding=\"async\" class=\"wp-image-9522 size-medium\" src=\"https:\/\/hallein-evangelisch.at\/wp\/wp-content\/uploads\/2021\/05\/garten01-600x384.png\" alt=\"\" width=\"600\" height=\"384\" srcset=\"https:\/\/hallein-evangelisch.at\/wp\/wp-content\/uploads\/2021\/05\/garten01-600x384.png 600w, https:\/\/hallein-evangelisch.at\/wp\/wp-content\/uploads\/2021\/05\/garten01-1024x655.png 1024w, https:\/\/hallein-evangelisch.at\/wp\/wp-content\/uploads\/2021\/05\/garten01.png 1225w\" sizes=\"auto, (max-width: 600px) 100vw, 600px\" \/><figcaption id=\"caption-attachment-9522\" class=\"wp-caption-text\">F\u00fcr den Altar und die Musik wurde vorsorglich ein Zeit bereitgestellt<\/figcaption><\/figure>\n<figure id=\"attachment_9521\" aria-describedby=\"caption-attachment-9521\" style=\"width: 379px\" class=\"wp-caption aligncenter\"><img loading=\"lazy\" decoding=\"async\" class=\"wp-image-9521 size-full\" src=\"https:\/\/hallein-evangelisch.at\/wp\/wp-content\/uploads\/2021\/05\/garten02.png\" alt=\"\" width=\"379\" height=\"432\" \/><figcaption id=\"caption-attachment-9521\" class=\"wp-caption-text\">Gundula Gans war neugierig auf das biblische Tier, das im Mittelpunkt der Feuer stand<\/figcaption><\/figure>\n<figure id=\"attachment_9524\" aria-describedby=\"caption-attachment-9524\" style=\"width: 494px\" class=\"wp-caption aligncenter\"><img loading=\"lazy\" decoding=\"async\" class=\"wp-image-9524 size-full\" src=\"https:\/\/hallein-evangelisch.at\/wp\/wp-content\/uploads\/2021\/05\/garten03.png\" alt=\"\" width=\"494\" height=\"482\" \/><figcaption id=\"caption-attachment-9524\" class=\"wp-caption-text\">Zuwachs im Jung &amp; Alt Team<\/figcaption><\/figure>\n<figure id=\"attachment_9520\" aria-describedby=\"caption-attachment-9520\" style=\"width: 485px\" class=\"wp-caption aligncenter\"><img loading=\"lazy\" decoding=\"async\" class=\"wp-image-9520 size-medium\" src=\"https:\/\/hallein-evangelisch.at\/wp\/wp-content\/uploads\/2021\/05\/garten04-485x600.png\" alt=\"\" width=\"485\" height=\"600\" srcset=\"https:\/\/hallein-evangelisch.at\/wp\/wp-content\/uploads\/2021\/05\/garten04-485x600.png 485w, https:\/\/hallein-evangelisch.at\/wp\/wp-content\/uploads\/2021\/05\/garten04.png 770w\" sizes=\"auto, (max-width: 485px) 100vw, 485px\" \/><figcaption id=\"caption-attachment-9520\" class=\"wp-caption-text\">Unsere Bine haben wir nach vielen Jahren aus dem Musikerdienst verabschiedet<\/figcaption><\/figure>\n<figure id=\"attachment_9523\" aria-describedby=\"caption-attachment-9523\" style=\"width: 541px\" class=\"wp-caption aligncenter\"><img loading=\"lazy\" decoding=\"async\" class=\"wp-image-9523 size-medium\" src=\"https:\/\/hallein-evangelisch.at\/wp\/wp-content\/uploads\/2021\/05\/garten06-541x600.png\" alt=\"\" width=\"541\" height=\"600\" srcset=\"https:\/\/hallein-evangelisch.at\/wp\/wp-content\/uploads\/2021\/05\/garten06-541x600.png 541w, https:\/\/hallein-evangelisch.at\/wp\/wp-content\/uploads\/2021\/05\/garten06.png 897w\" sizes=\"auto, (max-width: 541px) 100vw, 541px\" \/><figcaption id=\"caption-attachment-9523\" class=\"wp-caption-text\">Ausschnitt aus unserer Schaf-Ressource-Sammlung<\/figcaption><\/figure>\n","protected":false},"excerpt":{"rendered":"<div class=\"mh-excerpt\"><p>[31.05.2021] Nach langer Zeit konnte endlich bei trockenem Wetter am 30. Mai 2021 ein &#8222;Jung &amp; Alt Gottesdienst&#8220; im Pfarrgarten gefeiert werden. Durch die Weite des Pfarrgartens und die g\u00fcnstigeren Covid-Bestimmungen im Freien mussten keine <a class=\"mh-excerpt-more\" href=\"https:\/\/hallein-evangelisch.at\/wp\/?p=9518\" title=\"Alt &#038; Jung im Pfarrgarten\">[&#8230;]<\/a><\/p>\n<\/div>","protected":false},"author":8,"featured_media":9526,"comment_status":"closed","ping_status":"closed","sticky":false,"template":"","format":"standard","meta":{"footnotes":""},"categories":[1],"tags":[],"class_list":{"0":"post-9518","1":"post","2":"type-post","3":"status-publish","4":"format-standard","5":"has-post-thumbnail","7":"category-allgemein"},"_links":{"self":[{"href":"https:\/\/hallein-evangelisch.at\/wp\/index.php?rest_route=\/wp\/v2\/posts\/9518","targetHints":{"allow":["GET"]}}],"collection":[{"href":"https:\/\/hallein-evangelisch.at\/wp\/index.php?rest_route=\/wp\/v2\/posts"}],"about":[{"href":"https:\/\/hallein-evangelisch.at\/wp\/index.php?rest_route=\/wp\/v2\/types\/post"}],"author":[{"embeddable":true,"href":"https:\/\/hallein-evangelisch.at\/wp\/index.php?rest_route=\/wp\/v2\/users\/8"}],"replies":[{"embeddable":true,"href":"https:\/\/hallein-evangelisch.at\/wp\/index.php?rest_route=%2Fwp%2Fv2%2Fcomments&post=9518"}],"version-history":[{"count":2,"href":"https:\/\/hallein-evangelisch.at\/wp\/index.php?rest_route=\/wp\/v2\/posts\/9518\/revisions"}],"predecessor-version":[{"id":9525,"href":"https:\/\/hallein-evangelisch.at\/wp\/index.php?rest_route=\/wp\/v2\/posts\/9518\/revisions\/9525"}],"wp:featuredmedia":[{"embeddable":true,"href":"https:\/\/hallein-evangelisch.at\/wp\/index.php?rest_route=\/wp\/v2\/media\/9526"}],"wp:attachment":[{"href":"https:\/\/hallein-evangelisch.at\/wp\/index.php?rest_route=%2Fwp%2Fv2%2Fmedia&parent=9518"}],"wp:term":[{"taxonomy":"category","embeddable":true,"href":"https:\/\/hallein-evangelisch.at\/wp\/index.php?rest_route=%2Fwp%2Fv2%2Fcategories&post=9518"},{"taxonomy":"post_tag","embeddable":true,"href":"https:\/\/hallein-evangelisch.at\/wp\/index.php?rest_route=%2Fwp%2Fv2%2Ftags&post=9518"}],"curies":[{"name":"wp","href":"https:\/\/api.w.org\/{rel}","templated":true}]}}