{"id":9527,"date":"2021-05-31T10:26:43","date_gmt":"2021-05-31T08:26:43","guid":{"rendered":"https:\/\/hallein-evangelisch.at\/wp\/?p=9527"},"modified":"2021-05-31T10:59:15","modified_gmt":"2021-05-31T08:59:15","slug":"1919-im-juni","status":"publish","type":"post","link":"https:\/\/hallein-evangelisch.at\/wp\/?p=9527","title":{"rendered":"19:19 im Juni"},"content":{"rendered":"<p>[31.05.2021]<\/p>\n<h3>ICH MACHE ALLES NEU<br \/>\nLudwig van Beethoven\u00a0zum 250. Geburtstag<\/h3>\n<p><img loading=\"lazy\" decoding=\"async\" class=\"alignleft wp-image-9529\" src=\"https:\/\/hallein-evangelisch.at\/wp\/wp-content\/uploads\/2021\/05\/beethoven-3567229_1280-473x600.png\" alt=\"\" width=\"250\" height=\"317\" srcset=\"https:\/\/hallein-evangelisch.at\/wp\/wp-content\/uploads\/2021\/05\/beethoven-3567229_1280-473x600.png 473w, https:\/\/hallein-evangelisch.at\/wp\/wp-content\/uploads\/2021\/05\/beethoven-3567229_1280-806x1024.png 806w, https:\/\/hallein-evangelisch.at\/wp\/wp-content\/uploads\/2021\/05\/beethoven-3567229_1280.png 1008w\" sizes=\"auto, (max-width: 250px) 100vw, 250px\" \/>Es ist uns eine gro\u00dfe Freude, mit ein wenig Versp\u00e4tung \u2013 bedingt durch die Unterbrechung kultureller Veranstaltungen \u2013\u00a0dem gro\u00dfen Komponisten die Ehre zu erweisen.\u00a0Beethovens Rolle als Entwickler und Revolution\u00e4r wird in seinen Streichtrios besonders deutlich.<br \/>\nEs werden in der Schaitberger Kirche drei S\u00e4tze aus der Serenade op. 8 und das op. 9, Nr. 2 zu h\u00f6ren sein.<\/p>\n<p>Peter Pr\u00f6glh\u00f6f macht sich auf die Spurensuche nach dem Neuen, das religi\u00f6se Traditionen er\u00f6ffnen.<br \/>\nOder hat am Ende doch der Prediger recht, der meint: \u201eEs gibt nichts Neues unter der Sonne\u201c? (Koh 1,9)<\/p>\n<p>&nbsp;<\/p>\n<p>&nbsp;<\/p>\n<h4>Ausf\u00fchrende<\/h4>\n<ul>\n<li>Eberhard Staiger, Violine<\/li>\n<li>Tobias H\u00f6ll, Viola<\/li>\n<li>Sven Ahnsj\u00f6, Violoncello<\/li>\n<li>Peter Pr\u00f6glh\u00f6f, Rezitation<\/li>\n<\/ul>\n<h4>Wichtig<\/h4>\n<p>Es gelten die tagesaktuellen Regelungen wie bei anderen Kulturveranstaltungen<\/p>\n<ul>\n<li>Anmeldung \u00fcber die homepage (https:\/\/hallein-evangelisch.at ) oder telefonisch im Pfarramt<\/li>\n<li>Es gilt die 3-G-Regel: Zutritt nur mit aktuellem negativen Testergebnis, als Geimpfte oder Genese (bitte Bescheinigung mitbringen)<\/li>\n<li>festgelegte Sitzpl\u00e4tze und Tragen einer FFP2-Maske<\/li>\n<\/ul>\n","protected":false},"excerpt":{"rendered":"<div class=\"mh-excerpt\"><p>[31.05.2021] ICH MACHE ALLES NEU Ludwig van Beethoven\u00a0zum 250. Geburtstag Es ist uns eine gro\u00dfe Freude, mit ein wenig Versp\u00e4tung \u2013 bedingt durch die Unterbrechung kultureller Veranstaltungen \u2013\u00a0dem gro\u00dfen Komponisten die Ehre zu erweisen.\u00a0Beethovens Rolle <a class=\"mh-excerpt-more\" href=\"https:\/\/hallein-evangelisch.at\/wp\/?p=9527\" title=\"19:19 im Juni\">[&#8230;]<\/a><\/p>\n<\/div>","protected":false},"author":8,"featured_media":9004,"comment_status":"closed","ping_status":"closed","sticky":false,"template":"","format":"standard","meta":{"footnotes":""},"categories":[31],"tags":[],"class_list":{"0":"post-9527","1":"post","2":"type-post","3":"status-publish","4":"format-standard","5":"has-post-thumbnail","7":"category-kultur"},"_links":{"self":[{"href":"https:\/\/hallein-evangelisch.at\/wp\/index.php?rest_route=\/wp\/v2\/posts\/9527","targetHints":{"allow":["GET"]}}],"collection":[{"href":"https:\/\/hallein-evangelisch.at\/wp\/index.php?rest_route=\/wp\/v2\/posts"}],"about":[{"href":"https:\/\/hallein-evangelisch.at\/wp\/index.php?rest_route=\/wp\/v2\/types\/post"}],"author":[{"embeddable":true,"href":"https:\/\/hallein-evangelisch.at\/wp\/index.php?rest_route=\/wp\/v2\/users\/8"}],"replies":[{"embeddable":true,"href":"https:\/\/hallein-evangelisch.at\/wp\/index.php?rest_route=%2Fwp%2Fv2%2Fcomments&post=9527"}],"version-history":[{"count":4,"href":"https:\/\/hallein-evangelisch.at\/wp\/index.php?rest_route=\/wp\/v2\/posts\/9527\/revisions"}],"predecessor-version":[{"id":9532,"href":"https:\/\/hallein-evangelisch.at\/wp\/index.php?rest_route=\/wp\/v2\/posts\/9527\/revisions\/9532"}],"wp:featuredmedia":[{"embeddable":true,"href":"https:\/\/hallein-evangelisch.at\/wp\/index.php?rest_route=\/wp\/v2\/media\/9004"}],"wp:attachment":[{"href":"https:\/\/hallein-evangelisch.at\/wp\/index.php?rest_route=%2Fwp%2Fv2%2Fmedia&parent=9527"}],"wp:term":[{"taxonomy":"category","embeddable":true,"href":"https:\/\/hallein-evangelisch.at\/wp\/index.php?rest_route=%2Fwp%2Fv2%2Fcategories&post=9527"},{"taxonomy":"post_tag","embeddable":true,"href":"https:\/\/hallein-evangelisch.at\/wp\/index.php?rest_route=%2Fwp%2Fv2%2Ftags&post=9527"}],"curies":[{"name":"wp","href":"https:\/\/api.w.org\/{rel}","templated":true}]}}