{"id":9656,"date":"2021-06-22T08:05:40","date_gmt":"2021-06-22T06:05:40","guid":{"rendered":"https:\/\/hallein-evangelisch.at\/wp\/?p=9656"},"modified":"2021-06-22T08:11:10","modified_gmt":"2021-06-22T06:11:10","slug":"gottesdienst-fuer-jungalt-am-seewaldsee","status":"publish","type":"post","link":"https:\/\/hallein-evangelisch.at\/wp\/?p=9656","title":{"rendered":"Gottesdienst f\u00fcr Jung&#038;Alt am Seewaldsee"},"content":{"rendered":"<p>[22.06.2021]<\/p>\n<p>F\u00fcr unseren n\u00e4chsten \u201etierisch guten\u201c Gottesdienst machen wir uns auf den Weg:<\/p>\n<ul>\n<li>27.06.2020 09:30 Uhr Treffpunkt \/ Abfahrt bei der Kirche (Fahrgemeinschaften) oder direkte Anfahrt zum Seewaldsee<\/li>\n<li>dann Treffpunkt mit allen am Parkplatz (geb\u00fchrenpflichtig!)<\/li>\n<li>gemeinsam am Weg an den See \u2013 Start 10:00 Uhr (ca. 30 Minuten)<\/li>\n<li>Gottesdienst 10:30 \u2013 11:30 Uhr<\/li>\n<li>anschlie\u00dfend verweilen \u2013 chillen \u2013 Einkehr beim Wirt \u0301n (Auer-H\u00fctte) oder individuelle<br \/>\nR\u00fcckfahrt<\/li>\n<li>bitte bedenken: ca. 3 Stunden f\u00fcr alles einplanen (Anfahrt \u2013 Gottesdienst \u2013 R\u00fcckfahrt)<\/li>\n<li>bitte Sitzgelegenheit (Picknickdecke\/Drau\u00dfen-Polster &#8230;) mitbringen<\/li>\n<li>Bei unzumutbarem Wetter findet der Gottesdienst um 09:30 Uhr in unserer Kirche statt. (Faustregel: 24 h vorher regenfrei.) Um Euch im Falle des Falles verst\u00e4ndigen zu k\u00f6nnen und auch wegen der nach wie vor erforderlichen Registrierung f\u00fcr unsere Gottesdienste bitten wir um Anmeldung \u00fcber die Homepage oder telefonisch bei Pfarrer Jens-Daniel Mauer unter der Telefonnummer +43 699 188 77 595 (gerne auch auf die Mailbox sprechen).<\/li>\n<\/ul>\n<p>Wir freuen uns auf einen weiteren gro\u00dfartigen Outdoor-Gottesdienst und auf Euch!<br \/>\nEuer Jung &amp; Alt &#8211; Team<\/p>\n<p><a href=\"https:\/\/hallein-evangelisch.at\/wp\/wp-content\/uploads\/2021\/06\/2021-06.27_Einladung.pdf\" target=\"_blank\" rel=\"noopener\">Einladung als pdf-Dokument zum Ausdrucken<\/a><\/p>\n<p><strong>Save the date: n\u00e4chster J&amp;A-Gottesdienst = 12.09.2021, 09:30 Uhr<\/strong> (Tauf-Gottesdienst \u2013 Infos folgen!)<\/p>\n","protected":false},"excerpt":{"rendered":"<div class=\"mh-excerpt\"><p>[22.06.2021] F\u00fcr unseren n\u00e4chsten \u201etierisch guten\u201c Gottesdienst machen wir uns auf den Weg: 27.06.2020 09:30 Uhr Treffpunkt \/ Abfahrt bei der Kirche (Fahrgemeinschaften) oder direkte Anfahrt zum Seewaldsee dann Treffpunkt mit allen am Parkplatz (geb\u00fchrenpflichtig!) <a class=\"mh-excerpt-more\" href=\"https:\/\/hallein-evangelisch.at\/wp\/?p=9656\" title=\"Gottesdienst f\u00fcr Jung&#038;Alt am Seewaldsee\">[&#8230;]<\/a><\/p>\n<\/div>","protected":false},"author":8,"featured_media":9658,"comment_status":"closed","ping_status":"closed","sticky":false,"template":"","format":"standard","meta":{"footnotes":""},"categories":[1],"tags":[],"class_list":{"0":"post-9656","1":"post","2":"type-post","3":"status-publish","4":"format-standard","5":"has-post-thumbnail","7":"category-allgemein"},"_links":{"self":[{"href":"https:\/\/hallein-evangelisch.at\/wp\/index.php?rest_route=\/wp\/v2\/posts\/9656","targetHints":{"allow":["GET"]}}],"collection":[{"href":"https:\/\/hallein-evangelisch.at\/wp\/index.php?rest_route=\/wp\/v2\/posts"}],"about":[{"href":"https:\/\/hallein-evangelisch.at\/wp\/index.php?rest_route=\/wp\/v2\/types\/post"}],"author":[{"embeddable":true,"href":"https:\/\/hallein-evangelisch.at\/wp\/index.php?rest_route=\/wp\/v2\/users\/8"}],"replies":[{"embeddable":true,"href":"https:\/\/hallein-evangelisch.at\/wp\/index.php?rest_route=%2Fwp%2Fv2%2Fcomments&post=9656"}],"version-history":[{"count":3,"href":"https:\/\/hallein-evangelisch.at\/wp\/index.php?rest_route=\/wp\/v2\/posts\/9656\/revisions"}],"predecessor-version":[{"id":9661,"href":"https:\/\/hallein-evangelisch.at\/wp\/index.php?rest_route=\/wp\/v2\/posts\/9656\/revisions\/9661"}],"wp:featuredmedia":[{"embeddable":true,"href":"https:\/\/hallein-evangelisch.at\/wp\/index.php?rest_route=\/wp\/v2\/media\/9658"}],"wp:attachment":[{"href":"https:\/\/hallein-evangelisch.at\/wp\/index.php?rest_route=%2Fwp%2Fv2%2Fmedia&parent=9656"}],"wp:term":[{"taxonomy":"category","embeddable":true,"href":"https:\/\/hallein-evangelisch.at\/wp\/index.php?rest_route=%2Fwp%2Fv2%2Fcategories&post=9656"},{"taxonomy":"post_tag","embeddable":true,"href":"https:\/\/hallein-evangelisch.at\/wp\/index.php?rest_route=%2Fwp%2Fv2%2Ftags&post=9656"}],"curies":[{"name":"wp","href":"https:\/\/api.w.org\/{rel}","templated":true}]}}