{"id":9996,"date":"2021-09-20T12:44:43","date_gmt":"2021-09-20T10:44:43","guid":{"rendered":"https:\/\/hallein-evangelisch.at\/wp\/?p=9996"},"modified":"2021-10-17T23:17:35","modified_gmt":"2021-10-17T21:17:35","slug":"oekumene-beim-wort-genommen","status":"publish","type":"post","link":"https:\/\/hallein-evangelisch.at\/wp\/?p=9996","title":{"rendered":"\u00d6kumene beim Wort genommen"},"content":{"rendered":"<p>[20.09.2021]<\/p>\n<p>Am 15. September 2021 feierte Pfarrer i.R. Wolfgang Del-Negro seinen 80. Geburtstag. Im Rahmen eines Gottesdienstes am 19. September wurde der Jubilar entsprechend geehrt. Aus diesem Anlass ein paar pers\u00f6nliche Zeilen \u00fcber den Jubilar.<\/p>\n<p><em><img loading=\"lazy\" decoding=\"async\" class=\"alignleft wp-image-6622\" src=\"https:\/\/hallein-evangelisch.at\/wp\/wp-content\/uploads\/2019\/09\/del_negro_2006a.jpg\" alt=\"\" width=\"250\" height=\"389\" \/>Als ich die Pflichtschule absolvierte, gab es in der Klasse einige ganz wenige \u201eEvangelische\u201c. In einem \u201eziemlich katholischen\u201c Elternhaus aufgewachsen waren diese evangelischen Mitsch\u00fcler f\u00fcr die meisten von uns \u201eExoten\u201c, die beim Religionsunterricht pl\u00f6tzlich abwesend waren und auch sonst bei diversen kirchlichen Festen abseits standen.<\/em><\/p>\n<p><em>Die kindliche Sicht eines Grundschulkindes ver\u00e4nderte sich Anfang der 1980-er Jahre ganz wesentlich, wo es dann beginnend mit einer ehrenamtlichen T\u00e4tigkeit in der r\u00f6m. Kath. Stadtpfarre, pl\u00f6tzlich ganz andere Kontakte, Einblicke und Erfahrungen gab. Aus den evangelischen \u201eExoten\u201c wurden mehr und mehr Mitchristen, die ihren Glauben mindestens genauso gerecht zu werden versuchten, wie viele der katholischen Mitchristen.<\/em><\/p>\n<p><em>Es ist zweifellos Wolfgang Del-Negro zu verdanken, dass aus den urspr\u00fcnglich als \u201eKonkurrenz\u201c angesehenen evangelischen Christen mit der Zeit Mitchristen wurden, die einen Vergleich mit den katholischen Christen in keiner Weise zu scheuen brauchten. Stetiger Treiber dieser Entwicklung zur Verst\u00e4rkung der Gemeinsamkeiten einerseits, aber auch im respektvollen Umgang mit den Verschiedenheiten war die \u201e\u00f6kumenische Fastenaktion der Halleiner Pfarrgemeinden\u201c, deren Mit-Geburtshelfer neben Pfarrer Richard Schwarzenauer vor allem Wolfgang Del-Negro war. Die Zusammenarbeit der beiden Gemeinden im Zuge der Fastenaktionen schuf einen fruchtbaren Boden auch f\u00fcr die Laienmitarbeiter beider Pfarrgemeinden, die sich daf\u00fcr einsetzten, dass die Aktion auch dann weiterlief, als die Rahmenbedingungen f\u00fcr eine Fortsetzung auf katholischer Seite eher ung\u00fcnstig waren. In der Zwischenzeit freuen wir uns alle, dass bereits 30-mal diese gemeinsame Fastenaktion umgesetzt werden konnte; leider hinderte uns gerade im Jubil\u00e4umsjahr der Coronavirus, diesen Anlass gr\u00f6\u00dfer zu feiern.<\/em><\/p>\n<p><em>Nach gut 3 Jahrzehnten intensivster \u00d6ffentlichkeitsarbeit f\u00fcr die kath. Pfarrgemeinde endete f\u00fcr mich diese Arbeit im Jahr 2012. Es war mir eine Ehre und ganz sicher auch eine \u201eFrucht\u201c der jahrelangen \u00f6kumenischen Zusammenarbeit mit Wolfgang Del-Negro und seinem Nachfolger Peter Gabriel, als ich 2017 gefragt wurde, ob ich (als \u201eKatholischer\u201c) bereit w\u00e4re, die Homepage der evangelischen Gemeinde von Hallein (https:\/\/hallein-evangelisch.at) ehrenamtlich zu betreuen. Als begeisterter Techniker mit ziemlichen Hang zum PC und Internet kam mir dabei meine zwischenzeitliche Pensionierung sehr entgegen. So konnte ich und kann ich mich recht intensiv mit der Betreuung und st\u00e4ndigen Verbesserung der Gemeindehomepage besch\u00e4ftigen. F\u00fcr mich stellt diese sicherlich manchmal zeitraubende Arbeit eine \u201eWin-Win\u201c-Situation dar: Die Gemeinde hat eine stets aktuelle Homepage und ich darf durch viele zus\u00e4tzlich programmierte Funktionen daf\u00fcr sorgen, dass meine Gehirnzellen im Ruhestand eben nicht auch in den Ruhestand gehen.<\/em><\/p>\n<p><em>Daf\u00fcr, dass Wolfgang Del-Negro mein (nicht nur) evangelisches Kirchenbild nachhaltig so positiv geformt hat und daf\u00fcr, dass die Zusammenarbeit mit Wolfgang Del-Negro stets eine \u00fcberaus freundschaftliche und respektvolle war, daf\u00fcr an dieser Stelle, lieber Wolfgang, ganz herzlichen Dank! F\u00fcr den weiteren Lebensweg w\u00fcnsche ich Dir, lieber Wolfgang das, was in den 80-er und den weiteren Jahren vermutlich wesentlich ist: Stets einen frischen und klaren Kopf, kr\u00e4ftige Beine und Gesundheit f\u00fcr die n\u00e4chsten 20 Jahre (und mehr) und allem voran den Segen unseres gemeinsamen Gottes!<\/em><\/p>\n<p><em>Helmut Meisl<\/em><\/p>\n","protected":false},"excerpt":{"rendered":"<div class=\"mh-excerpt\"><p>[20.09.2021] Am 15. September 2021 feierte Pfarrer i.R. Wolfgang Del-Negro seinen 80. Geburtstag. Im Rahmen eines Gottesdienstes am 19. September wurde der Jubilar entsprechend geehrt. Aus diesem Anlass ein paar pers\u00f6nliche Zeilen \u00fcber den Jubilar. <a class=\"mh-excerpt-more\" href=\"https:\/\/hallein-evangelisch.at\/wp\/?p=9996\" title=\"\u00d6kumene beim Wort genommen\">[&#8230;]<\/a><\/p>\n<\/div>","protected":false},"author":8,"featured_media":6623,"comment_status":"closed","ping_status":"closed","sticky":false,"template":"","format":"standard","meta":{"footnotes":""},"categories":[1],"tags":[],"class_list":{"0":"post-9996","1":"post","2":"type-post","3":"status-publish","4":"format-standard","5":"has-post-thumbnail","7":"category-allgemein"},"_links":{"self":[{"href":"https:\/\/hallein-evangelisch.at\/wp\/index.php?rest_route=\/wp\/v2\/posts\/9996","targetHints":{"allow":["GET"]}}],"collection":[{"href":"https:\/\/hallein-evangelisch.at\/wp\/index.php?rest_route=\/wp\/v2\/posts"}],"about":[{"href":"https:\/\/hallein-evangelisch.at\/wp\/index.php?rest_route=\/wp\/v2\/types\/post"}],"author":[{"embeddable":true,"href":"https:\/\/hallein-evangelisch.at\/wp\/index.php?rest_route=\/wp\/v2\/users\/8"}],"replies":[{"embeddable":true,"href":"https:\/\/hallein-evangelisch.at\/wp\/index.php?rest_route=%2Fwp%2Fv2%2Fcomments&post=9996"}],"version-history":[{"count":3,"href":"https:\/\/hallein-evangelisch.at\/wp\/index.php?rest_route=\/wp\/v2\/posts\/9996\/revisions"}],"predecessor-version":[{"id":10080,"href":"https:\/\/hallein-evangelisch.at\/wp\/index.php?rest_route=\/wp\/v2\/posts\/9996\/revisions\/10080"}],"wp:featuredmedia":[{"embeddable":true,"href":"https:\/\/hallein-evangelisch.at\/wp\/index.php?rest_route=\/wp\/v2\/media\/6623"}],"wp:attachment":[{"href":"https:\/\/hallein-evangelisch.at\/wp\/index.php?rest_route=%2Fwp%2Fv2%2Fmedia&parent=9996"}],"wp:term":[{"taxonomy":"category","embeddable":true,"href":"https:\/\/hallein-evangelisch.at\/wp\/index.php?rest_route=%2Fwp%2Fv2%2Fcategories&post=9996"},{"taxonomy":"post_tag","embeddable":true,"href":"https:\/\/hallein-evangelisch.at\/wp\/index.php?rest_route=%2Fwp%2Fv2%2Ftags&post=9996"}],"curies":[{"name":"wp","href":"https:\/\/api.w.org\/{rel}","templated":true}]}}